{"id":1627,"date":"2023-12-06T20:15:23","date_gmt":"2023-12-06T20:15:23","guid":{"rendered":"https:\/\/anthroposcolombia.com\/?p=1627"},"modified":"2023-12-06T20:15:24","modified_gmt":"2023-12-06T20:15:24","slug":"corredor-verde","status":"publish","type":"post","link":"https:\/\/anthroposcolombia.com\/index.php\/2023\/12\/06\/corredor-verde\/","title":{"rendered":"Corredor Verde"},"content":{"rendered":"\n<blockquote class=\"wp-block-quote is-layout-flow wp-block-quote-is-layout-flow\">\n<p><\/p>\n<cite>La Alcald\u00eda de Bogot\u00e1 deber\u00e1 suspender la licitaci\u00f3n del proyecto que busca construir un carril exclusivo para buses el\u00e9ctricos en una de las v\u00edas m\u00e1s simb\u00f3licas de la ciudad<\/cite><\/blockquote>\n\n\n\n<p>La alcaldesa de Bogot\u00e1, Claudia L\u00f3pez, enfrenta un duro rev\u00e9s judicial a dos meses de terminar su mandato. Un juzgado de la capital orden\u00f3 el mi\u00e9rcoles por la noche que se suspenda&nbsp;<a href=\"https:\/\/elpais.com\/america-colombia\/2023-03-25\/nadie-toca-el-camino-real-de-bogota-la-pelea-por-el-futuro-de-la-avenida-septima.html\">la licitaci\u00f3n del corredor verde en la carrera S\u00e9ptima<\/a>, una de las principales obras de movilidad que la mandataria esperaba dejar encaminada. Para la justicia, el proyecto no puede seguir adelante si contempla la construcci\u00f3n de un carril exclusivo para buses el\u00e9ctricos. La Alcald\u00eda, por su parte, ha lamentado este jueves que la decisi\u00f3n implique la p\u00e9rdida de 79.625 millones de pesos (unos 19 millones de d\u00f3lares) que ya se hab\u00edan utilizado. \u201cToda esa inversi\u00f3n de los impuestos de los bogotanos queda en la basura\u201d, se lee en un comunicado.<\/p>\n\n\n\n<p>La carrera S\u00e9ptima, que enlaza el centro con los barrios pudientes del norte de la ciudad, no es cualquier v\u00eda. Tiene un importante valor simb\u00f3lico y emocional: fue el Camino Real colonial, trazado hace m\u00e1s de 400 a\u00f1os, para conectar con la entonces populosa Tunja. Se ha poblado en sus orillas con universidades, centros comerciales, hospitales y casas que son patrimonio hist\u00f3rico. Hace 20 a\u00f1os se discute c\u00f3mo transformarla para dar soluciones de movilidad a las cuatro o cinco millones de personas que la utilizan cada d\u00eda y que padecen sus trancones. Pero ha habido diferencias respecto a cu\u00e1l alternativa escoger: una troncal de Transmilenio, un tranv\u00eda,&nbsp;<a href=\"https:\/\/elpais.com\/america-colombia\/2023-06-18\/el-metro-de-bogota-el-sueno-que-los-capitalinos-no-quieren-aplazar-mas.html\">un tramo del metro<\/a>; y c\u00f3mo llevarla a cabo. Todas las propuestas de los \u00faltimos cinco alcaldes naufragaron.<\/p>\n","protected":false},"excerpt":{"rendered":"<p>La Alcald\u00eda de Bogot\u00e1 deber\u00e1 suspender la licitaci\u00f3n del proyecto que busca construir un carril exclusivo para buses el\u00e9ctricos en una de las v\u00edas m\u00e1s simb\u00f3licas de la ciudad La alcaldesa de Bogot\u00e1, Claudia L\u00f3pez, enfrenta un duro rev\u00e9s judicial a dos meses de terminar su mandato. Un juzgado de la capital orden\u00f3 el mi\u00e9rcoles [&hellip;]<\/p>\n","protected":false},"author":0,"featured_media":907,"comment_status":"open","ping_status":"open","sticky":false,"template":"","format":"standard","meta":{"footnotes":""},"categories":[1],"tags":[],"class_list":["post-1627","post","type-post","status-publish","format-standard","has-post-thumbnail","hentry","category-blog"],"rttpg_featured_image_url":{"full":["https:\/\/anthroposcolombia.com\/wp-content\/uploads\/2023\/11\/pexels-kelly-3845536.jpg",1920,1079,false],"landscape":["https:\/\/anthroposcolombia.com\/wp-content\/uploads\/2023\/11\/pexels-kelly-3845536.jpg",1920,1079,false],"portraits":["https:\/\/anthroposcolombia.com\/wp-content\/uploads\/2023\/11\/pexels-kelly-3845536.jpg",1920,1079,false],"thumbnail":["https:\/\/anthroposcolombia.com\/wp-content\/uploads\/2023\/11\/pexels-kelly-3845536-150x150.jpg",150,150,true],"medium":["https:\/\/anthroposcolombia.com\/wp-content\/uploads\/2023\/11\/pexels-kelly-3845536-300x169.jpg",300,169,true],"large":["https:\/\/anthroposcolombia.com\/wp-content\/uploads\/2023\/11\/pexels-kelly-3845536-1024x575.jpg",800,449,true],"1536x1536":["https:\/\/anthroposcolombia.com\/wp-content\/uploads\/2023\/11\/pexels-kelly-3845536-1536x863.jpg",1536,863,true],"2048x2048":["https:\/\/anthroposcolombia.com\/wp-content\/uploads\/2023\/11\/pexels-kelly-3845536.jpg",1920,1079,false]},"rttpg_author":{"display_name":"","author_link":"https:\/\/anthroposcolombia.com\/index.php\/author\/"},"rttpg_comment":41,"rttpg_category":"<a href=\"https:\/\/anthroposcolombia.com\/index.php\/category\/blog\/\" rel=\"category tag\">Blog<\/a>","rttpg_excerpt":"La Alcald\u00eda de Bogot\u00e1 deber\u00e1 suspender la licitaci\u00f3n del proyecto que busca construir un carril exclusivo para buses el\u00e9ctricos en una de las v\u00edas m\u00e1s simb\u00f3licas de la ciudad La alcaldesa de Bogot\u00e1, Claudia L\u00f3pez, enfrenta un duro rev\u00e9s judicial a dos meses de terminar su mandato. Un juzgado de la capital orden\u00f3 el mi\u00e9rcoles&hellip;","_links":{"self":[{"href":"https:\/\/anthroposcolombia.com\/index.php\/wp-json\/wp\/v2\/posts\/1627","targetHints":{"allow":["GET"]}}],"collection":[{"href":"https:\/\/anthroposcolombia.com\/index.php\/wp-json\/wp\/v2\/posts"}],"about":[{"href":"https:\/\/anthroposcolombia.com\/index.php\/wp-json\/wp\/v2\/types\/post"}],"replies":[{"embeddable":true,"href":"https:\/\/anthroposcolombia.com\/index.php\/wp-json\/wp\/v2\/comments?post=1627"}],"version-history":[{"count":2,"href":"https:\/\/anthroposcolombia.com\/index.php\/wp-json\/wp\/v2\/posts\/1627\/revisions"}],"predecessor-version":[{"id":1630,"href":"https:\/\/anthroposcolombia.com\/index.php\/wp-json\/wp\/v2\/posts\/1627\/revisions\/1630"}],"wp:featuredmedia":[{"embeddable":true,"href":"https:\/\/anthroposcolombia.com\/index.php\/wp-json\/wp\/v2\/media\/907"}],"wp:attachment":[{"href":"https:\/\/anthroposcolombia.com\/index.php\/wp-json\/wp\/v2\/media?parent=1627"}],"wp:term":[{"taxonomy":"category","embeddable":true,"href":"https:\/\/anthroposcolombia.com\/index.php\/wp-json\/wp\/v2\/categories?post=1627"},{"taxonomy":"post_tag","embeddable":true,"href":"https:\/\/anthroposcolombia.com\/index.php\/wp-json\/wp\/v2\/tags?post=1627"}],"curies":[{"name":"wp","href":"https:\/\/api.w.org\/{rel}","templated":true}]}}